{"id":19234,"date":"2017-04-01T07:00:36","date_gmt":"2017-04-01T05:00:36","guid":{"rendered":"https:\/\/kapitel-zwei.de\/fotoausstellung-verloren-in-berlin-und-bukarest\/"},"modified":"2017-04-15T20:04:54","modified_gmt":"2017-04-15T18:04:54","slug":"exposition-photo-verloren-in-berlin-und-bukarest","status":"publish","type":"post","link":"https:\/\/kapitel-zwei.de\/fr\/exposition-photo-verloren-in-berlin-und-bukarest\/","title":{"rendered":"Exposition photo : Verloren in Berlin und Bukarest"},"content":{"rendered":"\n<style type=\"text\/css\" data-created_by=\"avia_inline_auto\" id=\"style-css-av-av_one_full-6126cab7d8fab8d08143dd2dacdf673c\">\n.flex_column.av-av_one_full-6126cab7d8fab8d08143dd2dacdf673c{\nborder-radius:0px 0px 0px 0px;\npadding:0px 0px 0px 0px;\n}\n<\/style>\n<div  class='flex_column av-av_one_full-6126cab7d8fab8d08143dd2dacdf673c av_one_full  avia-builder-el-0  el_before_av_one_full  avia-builder-el-first  first flex_column_div av-zero-column-padding  '     ><\/div>\n\n<style type=\"text\/css\" data-created_by=\"avia_inline_auto\" id=\"style-css-av-av_one_full-2dae5b8ea19decded892f9248265a9df\">\n.flex_column.av-av_one_full-2dae5b8ea19decded892f9248265a9df{\nborder-radius:0px 0px 0px 0px;\npadding:0px 0px 0px 0px;\n}\n<\/style>\n<div  class='flex_column av-av_one_full-2dae5b8ea19decded892f9248265a9df av_one_full  avia-builder-el-2  el_after_av_one_full  el_before_av_hr  cta-section first flex_column_div av-zero-column-padding  column-top-margin'     ><section  class='av_textblock_section av-av_textblock-35972167d9f102c5ddaec0c531c98b9e '   itemscope=\"itemscope\" itemtype=\"https:\/\/schema.org\/BlogPosting\" itemprop=\"blogPost\" ><div class='avia_textblock'  itemprop=\"text\" ><h1><span style=\"color: #ff6600;\">Exposition photo : Verloren in Berlin und Bukarest<\/span><\/h1>\n<\/div><\/section><br \/>\n<section  class='av_textblock_section av-av_textblock-35972167d9f102c5ddaec0c531c98b9e '   itemscope=\"itemscope\" itemtype=\"https:\/\/schema.org\/BlogPosting\" itemprop=\"blogPost\" ><div class='avia_textblock'  itemprop=\"text\" ><p><strong>Le mercredi 19 avril<\/strong>, nous irons ensemble \u00e0 la Willy-Brandt-Haus.<\/p>\n<p><strong>Entr\u00e9e gratuite | Carte d\u2019identit\u00e9 ou passeport valable exig\u00e9.<\/strong><\/p>\n<p>Il y a deux expositions super int\u00e9ressantes :<\/p>\n<p>1) \u00ab <strong>Verloren in Berlin und Bukarest<\/strong> \u00bb &#8211;\u00a0exposition de photographes professionnels<\/p>\n<p>2) \u00ab <strong>Auf der Stra\u00dfe \u00bb\u00a0<\/strong>(portraits et paysages urbains) &#8211;\u00a0r\u00e9alis\u00e9s par des adolescents de la rue vivant \u00e0 Berlin<\/p>\n<\/div><\/section><br \/>\n<div  class='hr av-av_hr-dcd2069817a0e3d34ae04cad8f3443c7 hr-default  avia-builder-el-5  el_after_av_textblock  el_before_av_textblock '><span class='hr-inner '><span class=\"hr-inner-style\"><\/span><\/span><\/div><br \/>\n<section  class='av_textblock_section av-av_textblock-35972167d9f102c5ddaec0c531c98b9e '   itemscope=\"itemscope\" itemtype=\"https:\/\/schema.org\/BlogPosting\" itemprop=\"blogPost\" ><div class='avia_textblock'  itemprop=\"text\" ><p>Le sujet est tr\u00e8s \u00e9mouvant, \u00e0 voir la pr\u00e9sentation faite sur le site internet de la Willy-Brandt-Haus :<\/p>\n<p><strong> 1) \u201eVerloren in Berlin und Bukarest\u201c, exposition de photographes professionnels.<\/strong><\/p>\n<p>De plus en plus d\u2019adolescents fuient les probl\u00e8mes qu\u2019ils ont avec leurs parents pour vivre dans la rue.<\/p>\n<p>Beaucoup viennent \u00e0 Berlin pour chercher un bonheur pr\u00e9sum\u00e9 dans l\u2019anonymat de la grande ville. Environ 2 000 d\u2019entre eux vivent dans les rues de Berlin.<\/p>\n<p>Leur quotidien est marqu\u00e9 par la toxicomanie, la pr\u00e9occupation constante de trouver \u00e0 manger ou un endroit pour dormir, des amiti\u00e9s souvent hypocrites, l\u2019exclusion de la soci\u00e9t\u00e9, la criminalit\u00e9 et le rapport avec les pouvoirs ex\u00e9cutifs.<\/p>\n<p>\u00c0 Bucarest, plusieurs sans-abri ont v\u00e9cu jusqu\u2019en 2015 dans les tunnels de la gare principale.<\/p>\n<p>Les deux photographes Fara Phoebe Zetzsche et Massimo Branca accompagnent des adolescents sans-abri \u00e0 Berlin et Bucarest ; ils racontent leur histoire et leur combat pour survivre.<\/p>\n<p><strong>2) <b>\u201e<\/b>Auf der Stra\u00dfe (Portr\u00e4ts und Stadtlandschaften)<b>\u201c<\/b> &#8211; von Berlins Stra\u00dfenjugendlichen<\/strong><\/p>\n<p>Exposition pr\u00e9sent\u00e9e en parall\u00e8le. Des adolescents vivant dans la rue ont eu la possibilit\u00e9 de refaire connaissance avec leur environnement \u00e0 travers un appareil photo num\u00e9rique.<\/p>\n<p>De la m\u00eame fa\u00e7on, ils ont pu d\u00e9couvrir les portraits argentiques et num\u00e9riques en studio photo.<\/p>\n<p>\u00c0 cette occasion, ils ont r\u00e9alis\u00e9 des portraits et des photos de paysages urbains exceptionnels, aboutissements d\u2019un atelier photo de plusieurs semaines.<\/p>\n<\/div><\/section><br \/>\n<div  class='hr av-av_hr-dcd2069817a0e3d34ae04cad8f3443c7 hr-default  avia-builder-el-7  el_after_av_textblock  el_before_av_textblock '><span class='hr-inner '><span class=\"hr-inner-style\"><\/span><\/span><\/div><br \/>\n<section  class='av_textblock_section av-av_textblock-35972167d9f102c5ddaec0c531c98b9e '   itemscope=\"itemscope\" itemtype=\"https:\/\/schema.org\/BlogPosting\" itemprop=\"blogPost\" ><div class='avia_textblock'  itemprop=\"text\" ><h2><span style=\"color: #ff6600;\">Inscription<\/span><\/h2>\n<p><strong>Inscription<\/strong>: Tu veux venir avec\u00a0nous ? Inscris-toi au bureau au plus tard le mardi 18 avril.<\/p>\n<p><strong>Rendez-vous<\/strong> : Le mercredi, nous nous retrouvons \u00e0 15.15 heures pr\u00e9cises au foyer de ton \u00e9cole de langue. Tu peux aussi attendre devant la Willy-Brandt-Haus \u00e0 15h50.<\/p>\n<p><strong>Tarifs\u00a0<\/strong>: Nous prenons le S-Bahn jusqu\u2019\u00e0 la Friedrichstra\u00dfe, et ensuite le U-Bahn (U6) jusqu\u2019\u00e0 Hallesches Tor. Tu as donc besoin d\u2019un ticket pour les transports en commun\u00a0! <strong>Aucun frais d\u2019inscription, aucun frais d\u2019entr\u00e9e\u00a0!<\/strong><\/p>\n<p><strong>CARTE D\u2019IDENTIT\u00c9 \/ PASSEPORT<\/strong> : Une carte d\u2019identit\u00e9 valable ou un passeport sont n\u00e9cessaires pour pouvoir assister \u00e0 l\u2019exposition car le comit\u00e9 du parti SPD est \u00e9galement domicili\u00e9 dans le b\u00e2timent.<\/p>\n<p>Tu peux assid\u00fbment prendre des photos et les partager via #kapitelzwei dans les m\u00e9dias sociaux.<\/p>\n<\/div><\/section><\/p><\/div><div  class='hr av-av_hr-dcd2069817a0e3d34ae04cad8f3443c7 hr-default  avia-builder-el-9  el_after_av_one_full  el_before_av_one_full '><span class='hr-inner '><span class=\"hr-inner-style\"><\/span><\/span><\/div><\/p>\n\n<style type=\"text\/css\" data-created_by=\"avia_inline_auto\" id=\"style-css-av-av_one_full-2dae5b8ea19decded892f9248265a9df\">\n.flex_column.av-av_one_full-2dae5b8ea19decded892f9248265a9df{\nborder-radius:0px 0px 0px 0px;\npadding:0px 0px 0px 0px;\n}\n<\/style>\n<div  class='flex_column av-av_one_full-2dae5b8ea19decded892f9248265a9df av_one_full  avia-builder-el-10  el_after_av_hr  avia-builder-el-last  cta-section first flex_column_div av-zero-column-padding  '     ><p><section  class='av_textblock_section av-av_textblock-621ae7521163db10a900169420029f52 '   itemscope=\"itemscope\" itemtype=\"https:\/\/schema.org\/BlogPosting\" itemprop=\"blogPost\" ><div class='avia_textblock cta-slogan'  itemprop=\"text\" ><p><strong>Tu veux apprendre l\u2019allemand avec succ\u00e8s\u00a0?<\/strong><\/p>\n<\/div><\/section><br \/>\n<div  class='avia-button-wrap av-av_button-493dd45feb96e6645e16bf23813784aa-wrap avia-button-left  avia-builder-el-12  el_after_av_textblock  avia-builder-el-last  cta-button'><a href='https:\/\/kapitel-zwei.de\/fr\/inscription\/'  class='avia-button av-av_button-493dd45feb96e6645e16bf23813784aa av-link-btn avia-icon_select-no avia-size-medium avia-position-left avia-color-theme-color'   aria-label=\"Inscription\"><span class='avia_iconbox_title' >Inscription<\/span><\/a><\/div><\/p><\/div>\n","protected":false},"excerpt":{"rendered":"<p>Exposition r\u00e9alis\u00e9e par et sur des adolescents vivant dans les rues de Berlin et de Bucarest. \u00c0 quoi ressemble leur quotidien ? L\u2019anonymat d\u2019une grande ville leur apporte-t-il le bonheur ? Plus d\u2019informations ici !<\/p>\n","protected":false},"author":16,"featured_media":19099,"comment_status":"open","ping_status":"open","sticky":false,"template":"","format":"standard","meta":{"footnotes":""},"categories":[61],"tags":[],"class_list":["post-19234","post","type-post","status-publish","format-standard","has-post-thumbnail","hentry","category-annonces"],"yoast_head":"<!-- This site is optimized with the Yoast SEO Premium plugin v24.4 (Yoast SEO v24.4) - https:\/\/yoast.com\/wordpress\/plugins\/seo\/ -->\n<title>Exposition photo : Verloren in Berlin und Bukarest - Kapitel Zwei Berlin<\/title>\n<meta name=\"description\" content=\"Exposition photo r\u00e9alis\u00e9e par et sur des adolescents vivant dans les rues de Berlin et de Bucarest. \u00c0 quoi ressemble leur quotidien ?\" \/>\n<meta name=\"robots\" content=\"index, follow, max-snippet:-1, max-image-preview:large, max-video-preview:-1\" \/>\n<link rel=\"canonical\" href=\"https:\/\/www.kapitel-zwei.de\/fr\/exposition-photo-verloren-in-berlin-und-bukarest\/\" \/>\n<meta property=\"og:locale\" content=\"fr_FR\" \/>\n<meta property=\"og:type\" content=\"article\" \/>\n<meta property=\"og:title\" content=\"Exposition photo : Verloren in Berlin und Bukarest\" \/>\n<meta property=\"og:description\" content=\"Exposition photo r\u00e9alis\u00e9e par et sur des adolescents vivant dans les rues de Berlin et de Bucarest. \u00c0 quoi ressemble leur quotidien ?\" \/>\n<meta property=\"og:url\" content=\"https:\/\/www.kapitel-zwei.de\/fr\/exposition-photo-verloren-in-berlin-und-bukarest\/\" \/>\n<meta property=\"og:site_name\" content=\"Kapitel Zwei Berlin\" \/>\n<meta property=\"article:publisher\" content=\"https:\/\/www.facebook.com\/kapitelzwei\/\" \/>\n<meta property=\"article:published_time\" content=\"2017-04-01T05:00:36+00:00\" \/>\n<meta property=\"article:modified_time\" content=\"2017-04-15T18:04:54+00:00\" \/>\n<meta property=\"og:image\" content=\"https:\/\/www.kapitel-zwei.de\/wp-content\/uploads\/2017\/04\/Kapitel-Zwei-Berlin-Fotoausstellung-WBH1-1030x615.jpg\" \/>\n\t<meta property=\"og:image:width\" content=\"1030\" \/>\n\t<meta property=\"og:image:height\" content=\"615\" \/>\n\t<meta property=\"og:image:type\" content=\"image\/jpeg\" \/>\n<meta name=\"author\" content=\"Daniela\" \/>\n<meta name=\"twitter:card\" content=\"summary_large_image\" \/>\n<meta name=\"twitter:creator\" content=\"@kapitelzwei\" \/>\n<meta name=\"twitter:site\" content=\"@kapitelzwei\" \/>\n<meta name=\"twitter:label1\" content=\"\u00c9crit par\" \/>\n\t<meta name=\"twitter:data1\" content=\"Daniela\" \/>\n\t<meta name=\"twitter:label2\" content=\"Dur\u00e9e de lecture estim\u00e9e\" \/>\n\t<meta name=\"twitter:data2\" content=\"4 minutes\" \/>\n<script type=\"application\/ld+json\" class=\"yoast-schema-graph\">{\"@context\":\"https:\/\/schema.org\",\"@graph\":[{\"@type\":\"Article\",\"@id\":\"https:\/\/www.kapitel-zwei.de\/fr\/exposition-photo-verloren-in-berlin-und-bukarest\/#article\",\"isPartOf\":{\"@id\":\"https:\/\/www.kapitel-zwei.de\/fr\/exposition-photo-verloren-in-berlin-und-bukarest\/\"},\"author\":{\"name\":\"Daniela\",\"@id\":\"https:\/\/kapitel-zwei.de\/es\/#\/schema\/person\/b397507855e4d2f1e29bfe10a860200e\"},\"headline\":\"Exposition photo : Verloren in Berlin und Bukarest\",\"datePublished\":\"2017-04-01T05:00:36+00:00\",\"dateModified\":\"2017-04-15T18:04:54+00:00\",\"mainEntityOfPage\":{\"@id\":\"https:\/\/www.kapitel-zwei.de\/fr\/exposition-photo-verloren-in-berlin-und-bukarest\/\"},\"wordCount\":890,\"commentCount\":0,\"publisher\":{\"@id\":\"https:\/\/kapitel-zwei.de\/es\/#organization\"},\"image\":{\"@id\":\"https:\/\/www.kapitel-zwei.de\/fr\/exposition-photo-verloren-in-berlin-und-bukarest\/#primaryimage\"},\"thumbnailUrl\":\"https:\/\/kapitel-zwei.de\/wp-content\/uploads\/2017\/04\/Kapitel-Zwei-Berlin-Fotoausstellung-WBH1.jpg\",\"articleSection\":[\"Annonces\"],\"inLanguage\":\"fr-FR\",\"potentialAction\":[{\"@type\":\"CommentAction\",\"name\":\"Comment\",\"target\":[\"https:\/\/www.kapitel-zwei.de\/fr\/exposition-photo-verloren-in-berlin-und-bukarest\/#respond\"]}]},{\"@type\":\"WebPage\",\"@id\":\"https:\/\/www.kapitel-zwei.de\/fr\/exposition-photo-verloren-in-berlin-und-bukarest\/\",\"url\":\"https:\/\/www.kapitel-zwei.de\/fr\/exposition-photo-verloren-in-berlin-und-bukarest\/\",\"name\":\"Exposition photo : Verloren in Berlin und Bukarest - Kapitel Zwei Berlin\",\"isPartOf\":{\"@id\":\"https:\/\/kapitel-zwei.de\/es\/#website\"},\"primaryImageOfPage\":{\"@id\":\"https:\/\/www.kapitel-zwei.de\/fr\/exposition-photo-verloren-in-berlin-und-bukarest\/#primaryimage\"},\"image\":{\"@id\":\"https:\/\/www.kapitel-zwei.de\/fr\/exposition-photo-verloren-in-berlin-und-bukarest\/#primaryimage\"},\"thumbnailUrl\":\"https:\/\/kapitel-zwei.de\/wp-content\/uploads\/2017\/04\/Kapitel-Zwei-Berlin-Fotoausstellung-WBH1.jpg\",\"datePublished\":\"2017-04-01T05:00:36+00:00\",\"dateModified\":\"2017-04-15T18:04:54+00:00\",\"description\":\"Exposition photo r\u00e9alis\u00e9e par et sur des adolescents vivant dans les rues de Berlin et de Bucarest. \u00c0 quoi ressemble leur quotidien ?\",\"breadcrumb\":{\"@id\":\"https:\/\/www.kapitel-zwei.de\/fr\/exposition-photo-verloren-in-berlin-und-bukarest\/#breadcrumb\"},\"inLanguage\":\"fr-FR\",\"potentialAction\":[{\"@type\":\"ReadAction\",\"target\":[\"https:\/\/www.kapitel-zwei.de\/fr\/exposition-photo-verloren-in-berlin-und-bukarest\/\"]}]},{\"@type\":\"ImageObject\",\"inLanguage\":\"fr-FR\",\"@id\":\"https:\/\/www.kapitel-zwei.de\/fr\/exposition-photo-verloren-in-berlin-und-bukarest\/#primaryimage\",\"url\":\"https:\/\/kapitel-zwei.de\/wp-content\/uploads\/2017\/04\/Kapitel-Zwei-Berlin-Fotoausstellung-WBH1.jpg\",\"contentUrl\":\"https:\/\/kapitel-zwei.de\/wp-content\/uploads\/2017\/04\/Kapitel-Zwei-Berlin-Fotoausstellung-WBH1.jpg\",\"width\":4085,\"height\":2438,\"caption\":\"fotoausstellung berlin bukarest kapitel Zwei\"},{\"@type\":\"BreadcrumbList\",\"@id\":\"https:\/\/www.kapitel-zwei.de\/fr\/exposition-photo-verloren-in-berlin-und-bukarest\/#breadcrumb\",\"itemListElement\":[{\"@type\":\"ListItem\",\"position\":1,\"name\":\"Startseite\",\"item\":\"https:\/\/kapitel-zwei.de\/fr\/\"},{\"@type\":\"ListItem\",\"position\":2,\"name\":\"Exposition photo : Verloren in Berlin und Bukarest\"}]},{\"@type\":\"WebSite\",\"@id\":\"https:\/\/kapitel-zwei.de\/es\/#website\",\"url\":\"https:\/\/kapitel-zwei.de\/es\/\",\"name\":\"Kapitel Zwei Berlin\",\"description\":\"Deutschkurs Berlin | Sprachschule Berlin | German language school Berlin | telc Berlin | Deutsch Pr\u00fcfung Berlin | Intensive German courses Berlin | TestDaF Pr\u00fcfung | Online Kurse\",\"publisher\":{\"@id\":\"https:\/\/kapitel-zwei.de\/es\/#organization\"},\"potentialAction\":[{\"@type\":\"SearchAction\",\"target\":{\"@type\":\"EntryPoint\",\"urlTemplate\":\"https:\/\/kapitel-zwei.de\/es\/?s={search_term_string}\"},\"query-input\":{\"@type\":\"PropertyValueSpecification\",\"valueRequired\":true,\"valueName\":\"search_term_string\"}}],\"inLanguage\":\"fr-FR\"},{\"@type\":\"Organization\",\"@id\":\"https:\/\/kapitel-zwei.de\/es\/#organization\",\"name\":\"Kapitel Zwei. Deutsch-Sprachschule Berlin GmbH\",\"url\":\"https:\/\/kapitel-zwei.de\/es\/\",\"logo\":{\"@type\":\"ImageObject\",\"inLanguage\":\"fr-FR\",\"@id\":\"https:\/\/kapitel-zwei.de\/es\/#\/schema\/logo\/image\/\",\"url\":\"https:\/\/kapitel-zwei.de\/wp-content\/uploads\/2018\/08\/Kapitel-Zwei-Berlin-Sprachschule-Deutsch-Deutschkurse-Berlin.jpg\",\"contentUrl\":\"https:\/\/kapitel-zwei.de\/wp-content\/uploads\/2018\/08\/Kapitel-Zwei-Berlin-Sprachschule-Deutsch-Deutschkurse-Berlin.jpg\",\"width\":350,\"height\":101,\"caption\":\"Kapitel Zwei. Deutsch-Sprachschule Berlin GmbH\"},\"image\":{\"@id\":\"https:\/\/kapitel-zwei.de\/es\/#\/schema\/logo\/image\/\"},\"sameAs\":[\"https:\/\/www.facebook.com\/kapitelzwei\/\",\"https:\/\/x.com\/kapitelzwei\"]},{\"@type\":\"Person\",\"@id\":\"https:\/\/kapitel-zwei.de\/es\/#\/schema\/person\/b397507855e4d2f1e29bfe10a860200e\",\"name\":\"Daniela\",\"image\":{\"@type\":\"ImageObject\",\"inLanguage\":\"fr-FR\",\"@id\":\"https:\/\/kapitel-zwei.de\/es\/#\/schema\/person\/image\/\",\"url\":\"https:\/\/secure.gravatar.com\/avatar\/3fa3eb5da3e62e688348bde14f400345?s=96&d=mm&r=g\",\"contentUrl\":\"https:\/\/secure.gravatar.com\/avatar\/3fa3eb5da3e62e688348bde14f400345?s=96&d=mm&r=g\",\"caption\":\"Daniela\"},\"url\":\"https:\/\/kapitel-zwei.de\/fr\/author\/el4ndaicea1ni6e1k\/\"}]}<\/script>\n<!-- \/ Yoast SEO Premium plugin. -->","yoast_head_json":{"title":"Exposition photo : Verloren in Berlin und Bukarest - Kapitel Zwei Berlin","description":"Exposition photo r\u00e9alis\u00e9e par et sur des adolescents vivant dans les rues de Berlin et de Bucarest. \u00c0 quoi ressemble leur quotidien ?","robots":{"index":"index","follow":"follow","max-snippet":"max-snippet:-1","max-image-preview":"max-image-preview:large","max-video-preview":"max-video-preview:-1"},"canonical":"https:\/\/www.kapitel-zwei.de\/fr\/exposition-photo-verloren-in-berlin-und-bukarest\/","og_locale":"fr_FR","og_type":"article","og_title":"Exposition photo : Verloren in Berlin und Bukarest","og_description":"Exposition photo r\u00e9alis\u00e9e par et sur des adolescents vivant dans les rues de Berlin et de Bucarest. \u00c0 quoi ressemble leur quotidien ?","og_url":"https:\/\/www.kapitel-zwei.de\/fr\/exposition-photo-verloren-in-berlin-und-bukarest\/","og_site_name":"Kapitel Zwei Berlin","article_publisher":"https:\/\/www.facebook.com\/kapitelzwei\/","article_published_time":"2017-04-01T05:00:36+00:00","article_modified_time":"2017-04-15T18:04:54+00:00","og_image":[{"width":1030,"height":615,"url":"https:\/\/www.kapitel-zwei.de\/wp-content\/uploads\/2017\/04\/Kapitel-Zwei-Berlin-Fotoausstellung-WBH1-1030x615.jpg","type":"image\/jpeg"}],"author":"Daniela","twitter_card":"summary_large_image","twitter_creator":"@kapitelzwei","twitter_site":"@kapitelzwei","twitter_misc":{"\u00c9crit par":"Daniela","Dur\u00e9e de lecture estim\u00e9e":"4 minutes"},"schema":{"@context":"https:\/\/schema.org","@graph":[{"@type":"Article","@id":"https:\/\/www.kapitel-zwei.de\/fr\/exposition-photo-verloren-in-berlin-und-bukarest\/#article","isPartOf":{"@id":"https:\/\/www.kapitel-zwei.de\/fr\/exposition-photo-verloren-in-berlin-und-bukarest\/"},"author":{"name":"Daniela","@id":"https:\/\/kapitel-zwei.de\/es\/#\/schema\/person\/b397507855e4d2f1e29bfe10a860200e"},"headline":"Exposition photo : Verloren in Berlin und Bukarest","datePublished":"2017-04-01T05:00:36+00:00","dateModified":"2017-04-15T18:04:54+00:00","mainEntityOfPage":{"@id":"https:\/\/www.kapitel-zwei.de\/fr\/exposition-photo-verloren-in-berlin-und-bukarest\/"},"wordCount":890,"commentCount":0,"publisher":{"@id":"https:\/\/kapitel-zwei.de\/es\/#organization"},"image":{"@id":"https:\/\/www.kapitel-zwei.de\/fr\/exposition-photo-verloren-in-berlin-und-bukarest\/#primaryimage"},"thumbnailUrl":"https:\/\/kapitel-zwei.de\/wp-content\/uploads\/2017\/04\/Kapitel-Zwei-Berlin-Fotoausstellung-WBH1.jpg","articleSection":["Annonces"],"inLanguage":"fr-FR","potentialAction":[{"@type":"CommentAction","name":"Comment","target":["https:\/\/www.kapitel-zwei.de\/fr\/exposition-photo-verloren-in-berlin-und-bukarest\/#respond"]}]},{"@type":"WebPage","@id":"https:\/\/www.kapitel-zwei.de\/fr\/exposition-photo-verloren-in-berlin-und-bukarest\/","url":"https:\/\/www.kapitel-zwei.de\/fr\/exposition-photo-verloren-in-berlin-und-bukarest\/","name":"Exposition photo : Verloren in Berlin und Bukarest - Kapitel Zwei Berlin","isPartOf":{"@id":"https:\/\/kapitel-zwei.de\/es\/#website"},"primaryImageOfPage":{"@id":"https:\/\/www.kapitel-zwei.de\/fr\/exposition-photo-verloren-in-berlin-und-bukarest\/#primaryimage"},"image":{"@id":"https:\/\/www.kapitel-zwei.de\/fr\/exposition-photo-verloren-in-berlin-und-bukarest\/#primaryimage"},"thumbnailUrl":"https:\/\/kapitel-zwei.de\/wp-content\/uploads\/2017\/04\/Kapitel-Zwei-Berlin-Fotoausstellung-WBH1.jpg","datePublished":"2017-04-01T05:00:36+00:00","dateModified":"2017-04-15T18:04:54+00:00","description":"Exposition photo r\u00e9alis\u00e9e par et sur des adolescents vivant dans les rues de Berlin et de Bucarest. \u00c0 quoi ressemble leur quotidien ?","breadcrumb":{"@id":"https:\/\/www.kapitel-zwei.de\/fr\/exposition-photo-verloren-in-berlin-und-bukarest\/#breadcrumb"},"inLanguage":"fr-FR","potentialAction":[{"@type":"ReadAction","target":["https:\/\/www.kapitel-zwei.de\/fr\/exposition-photo-verloren-in-berlin-und-bukarest\/"]}]},{"@type":"ImageObject","inLanguage":"fr-FR","@id":"https:\/\/www.kapitel-zwei.de\/fr\/exposition-photo-verloren-in-berlin-und-bukarest\/#primaryimage","url":"https:\/\/kapitel-zwei.de\/wp-content\/uploads\/2017\/04\/Kapitel-Zwei-Berlin-Fotoausstellung-WBH1.jpg","contentUrl":"https:\/\/kapitel-zwei.de\/wp-content\/uploads\/2017\/04\/Kapitel-Zwei-Berlin-Fotoausstellung-WBH1.jpg","width":4085,"height":2438,"caption":"fotoausstellung berlin bukarest kapitel Zwei"},{"@type":"BreadcrumbList","@id":"https:\/\/www.kapitel-zwei.de\/fr\/exposition-photo-verloren-in-berlin-und-bukarest\/#breadcrumb","itemListElement":[{"@type":"ListItem","position":1,"name":"Startseite","item":"https:\/\/kapitel-zwei.de\/fr\/"},{"@type":"ListItem","position":2,"name":"Exposition photo : Verloren in Berlin und Bukarest"}]},{"@type":"WebSite","@id":"https:\/\/kapitel-zwei.de\/es\/#website","url":"https:\/\/kapitel-zwei.de\/es\/","name":"Kapitel Zwei Berlin","description":"Deutschkurs Berlin | Sprachschule Berlin | German language school Berlin | telc Berlin | Deutsch Pr\u00fcfung Berlin | Intensive German courses Berlin | TestDaF Pr\u00fcfung | Online Kurse","publisher":{"@id":"https:\/\/kapitel-zwei.de\/es\/#organization"},"potentialAction":[{"@type":"SearchAction","target":{"@type":"EntryPoint","urlTemplate":"https:\/\/kapitel-zwei.de\/es\/?s={search_term_string}"},"query-input":{"@type":"PropertyValueSpecification","valueRequired":true,"valueName":"search_term_string"}}],"inLanguage":"fr-FR"},{"@type":"Organization","@id":"https:\/\/kapitel-zwei.de\/es\/#organization","name":"Kapitel Zwei. Deutsch-Sprachschule Berlin GmbH","url":"https:\/\/kapitel-zwei.de\/es\/","logo":{"@type":"ImageObject","inLanguage":"fr-FR","@id":"https:\/\/kapitel-zwei.de\/es\/#\/schema\/logo\/image\/","url":"https:\/\/kapitel-zwei.de\/wp-content\/uploads\/2018\/08\/Kapitel-Zwei-Berlin-Sprachschule-Deutsch-Deutschkurse-Berlin.jpg","contentUrl":"https:\/\/kapitel-zwei.de\/wp-content\/uploads\/2018\/08\/Kapitel-Zwei-Berlin-Sprachschule-Deutsch-Deutschkurse-Berlin.jpg","width":350,"height":101,"caption":"Kapitel Zwei. Deutsch-Sprachschule Berlin GmbH"},"image":{"@id":"https:\/\/kapitel-zwei.de\/es\/#\/schema\/logo\/image\/"},"sameAs":["https:\/\/www.facebook.com\/kapitelzwei\/","https:\/\/x.com\/kapitelzwei"]},{"@type":"Person","@id":"https:\/\/kapitel-zwei.de\/es\/#\/schema\/person\/b397507855e4d2f1e29bfe10a860200e","name":"Daniela","image":{"@type":"ImageObject","inLanguage":"fr-FR","@id":"https:\/\/kapitel-zwei.de\/es\/#\/schema\/person\/image\/","url":"https:\/\/secure.gravatar.com\/avatar\/3fa3eb5da3e62e688348bde14f400345?s=96&d=mm&r=g","contentUrl":"https:\/\/secure.gravatar.com\/avatar\/3fa3eb5da3e62e688348bde14f400345?s=96&d=mm&r=g","caption":"Daniela"},"url":"https:\/\/kapitel-zwei.de\/fr\/author\/el4ndaicea1ni6e1k\/"}]}},"_links":{"self":[{"href":"https:\/\/kapitel-zwei.de\/fr\/wp-json\/wp\/v2\/posts\/19234","targetHints":{"allow":["GET"]}}],"collection":[{"href":"https:\/\/kapitel-zwei.de\/fr\/wp-json\/wp\/v2\/posts"}],"about":[{"href":"https:\/\/kapitel-zwei.de\/fr\/wp-json\/wp\/v2\/types\/post"}],"author":[{"embeddable":true,"href":"https:\/\/kapitel-zwei.de\/fr\/wp-json\/wp\/v2\/users\/16"}],"replies":[{"embeddable":true,"href":"https:\/\/kapitel-zwei.de\/fr\/wp-json\/wp\/v2\/comments?post=19234"}],"version-history":[{"count":4,"href":"https:\/\/kapitel-zwei.de\/fr\/wp-json\/wp\/v2\/posts\/19234\/revisions"}],"predecessor-version":[{"id":19243,"href":"https:\/\/kapitel-zwei.de\/fr\/wp-json\/wp\/v2\/posts\/19234\/revisions\/19243"}],"wp:featuredmedia":[{"embeddable":true,"href":"https:\/\/kapitel-zwei.de\/fr\/wp-json\/wp\/v2\/media\/19099"}],"wp:attachment":[{"href":"https:\/\/kapitel-zwei.de\/fr\/wp-json\/wp\/v2\/media?parent=19234"}],"wp:term":[{"taxonomy":"category","embeddable":true,"href":"https:\/\/kapitel-zwei.de\/fr\/wp-json\/wp\/v2\/categories?post=19234"},{"taxonomy":"post_tag","embeddable":true,"href":"https:\/\/kapitel-zwei.de\/fr\/wp-json\/wp\/v2\/tags?post=19234"}],"curies":[{"name":"wp","href":"https:\/\/api.w.org\/{rel}","templated":true}]}}