{"id":19436,"date":"2017-03-12T07:00:00","date_gmt":"2017-03-12T06:00:00","guid":{"rendered":"https:\/\/kapitel-zwei.de\/make-friends-in-berlin-event-in-the-edelweiss-pub-in-goerlitzer-park-berlin\/"},"modified":"2017-04-17T20:45:12","modified_gmt":"2017-04-17T18:45:12","slug":"rencontre-internationale-edelweiss","status":"publish","type":"post","link":"https:\/\/kapitel-zwei.de\/fr\/rencontre-internationale-edelweiss\/","title":{"rendered":"Rencontre internationale dans le bar \u00ab Edelwei\u00df \u00bb du G\u00f6rlitzer Park \u00e0 Berlin"},"content":{"rendered":"\n<style type=\"text\/css\" data-created_by=\"avia_inline_auto\" id=\"style-css-av-av_one_full-6126cab7d8fab8d08143dd2dacdf673c\">\n.flex_column.av-av_one_full-6126cab7d8fab8d08143dd2dacdf673c{\nborder-radius:0px 0px 0px 0px;\npadding:0px 0px 0px 0px;\n}\n<\/style>\n<div  class='flex_column av-av_one_full-6126cab7d8fab8d08143dd2dacdf673c av_one_full  avia-builder-el-0  el_before_av_one_full  avia-builder-el-first  first flex_column_div av-zero-column-padding  '     ><\/div>\n\n<style type=\"text\/css\" data-created_by=\"avia_inline_auto\" id=\"style-css-av-av_one_full-2dae5b8ea19decded892f9248265a9df\">\n.flex_column.av-av_one_full-2dae5b8ea19decded892f9248265a9df{\nborder-radius:0px 0px 0px 0px;\npadding:0px 0px 0px 0px;\n}\n<\/style>\n<div  class='flex_column av-av_one_full-2dae5b8ea19decded892f9248265a9df av_one_full  avia-builder-el-2  el_after_av_one_full  el_before_av_hr  cta-section first flex_column_div av-zero-column-padding  column-top-margin'     ><section  class='av_textblock_section av-av_textblock-35972167d9f102c5ddaec0c531c98b9e '   itemscope=\"itemscope\" itemtype=\"https:\/\/schema.org\/BlogPosting\" itemprop=\"blogPost\" ><div class='avia_textblock'  itemprop=\"text\" ><h1><span style=\"color: #ff6600;\">Rencontre internationale dans le bar \u00ab Edelwei\u00df \u00bb du G\u00f6rlitzer Park \u00e0 Berlin<\/span><\/h1>\n<\/div><\/section><br \/>\n<section  class='av_textblock_section av-av_textblock-35972167d9f102c5ddaec0c531c98b9e '   itemscope=\"itemscope\" itemtype=\"https:\/\/schema.org\/BlogPosting\" itemprop=\"blogPost\" ><div class='avia_textblock'  itemprop=\"text\" ><p>C\u2019est l\u2019heure de faire la f\u00eate ! <strong>Le jeudi 16 mars<\/strong>, nous nous retrouvons \u00e0 <strong>20 heures dans le bar \u00ab Edelwei\u00df \u00bb du G\u00f6rlitzer Park<\/strong>. Le bar se situe dans le quartier multiculturel et vivant de Kreuzberg.<\/p>\n<p>Cette rencontre est pens\u00e9e pour toi, afin que tu fasses la connaissance d\u2019autres \u00e9tudiants de Kapitel Zwei Berlin. Tu pourras communiquer non seulement en allemand comme dans toutes les langues du monde. Tu pourras te faire des nouveaux amis, \u00e9changer des id\u00e9es, partager tes doutes et tes exp\u00e9riences, ou encore savourer cette belle soir\u00e9e en bonne compagnie. Tu pourras venir seul\/e ou avec tes amis.<\/p>\n<p><strong>Adresse<\/strong> : G\u00f6rlitzer Str. 1-3 | M\u00e9tro : G\u00f6rlitzer Bahnhof<\/p>\n<p><strong>Nous te recommandons d\u2019entrer par la porte situ\u00e9e dans la rue G\u00f6rlitzer Stra\u00dfe, et non d\u2019errer dans le parc.<\/strong> Maria et Vladimir sont membres de notre bureau et t\u2019attendront au bar. Ils sont par avance tr\u00e8s heureux de faire ta connaissance.<\/p>\n<p>Aucun frais d\u2019entr\u00e9e ne te sera demand\u00e9 dans le bar et il ne te sera pas demand\u00e9 de payer en esp\u00e8ces d\u00e8s que les boissons seront sur la table. Quoi qu&rsquo;il en soit, ce bar est un lieu cool.<\/p>\n<p>Donc, note la date du 16 mars. Elle tombe le jeudi de ta deuxi\u00e8me semaine de cours. Prost ! Sant\u00e9 !<\/p>\n<\/div><\/section><\/p><\/div><div  class='hr av-av_hr-dcd2069817a0e3d34ae04cad8f3443c7 hr-default  avia-builder-el-5  el_after_av_one_full  el_before_av_one_full '><span class='hr-inner '><span class=\"hr-inner-style\"><\/span><\/span><\/div><\/p>\n\n<style type=\"text\/css\" data-created_by=\"avia_inline_auto\" id=\"style-css-av-av_one_full-2dae5b8ea19decded892f9248265a9df\">\n.flex_column.av-av_one_full-2dae5b8ea19decded892f9248265a9df{\nborder-radius:0px 0px 0px 0px;\npadding:0px 0px 0px 0px;\n}\n<\/style>\n<div  class='flex_column av-av_one_full-2dae5b8ea19decded892f9248265a9df av_one_full  avia-builder-el-6  el_after_av_hr  avia-builder-el-last  cta-section first flex_column_div av-zero-column-padding  '     ><p><section  class='av_textblock_section av-av_textblock-621ae7521163db10a900169420029f52 '   itemscope=\"itemscope\" itemtype=\"https:\/\/schema.org\/BlogPosting\" itemprop=\"blogPost\" ><div class='avia_textblock cta-slogan'  itemprop=\"text\" ><p><strong>Tu veux apprendre l\u2019allemand avec succ\u00e8s\u00a0?<\/strong><\/p>\n<\/div><\/section><br \/>\n<div  class='avia-button-wrap av-av_button-493dd45feb96e6645e16bf23813784aa-wrap avia-button-left  avia-builder-el-8  el_after_av_textblock  avia-builder-el-last  cta-button'><a href='https:\/\/kapitel-zwei.de\/fr\/inscription\/'  class='avia-button av-av_button-493dd45feb96e6645e16bf23813784aa av-link-btn avia-icon_select-no avia-size-medium avia-position-left avia-color-theme-color'   aria-label=\"Inscription\"><span class='avia_iconbox_title' >Inscription<\/span><\/a><\/div><\/p><\/div>\n","protected":false},"excerpt":{"rendered":"<p>Le jeudi, nous nous retrouvons \u00e0 Kreuzberg, quartier multiculturel de Berlin. Kapitel Zwei f\u00eate la rencontre mensuelle au G\u00f6rlitzer Park avec toi.<\/p>\n","protected":false},"author":16,"featured_media":18541,"comment_status":"open","ping_status":"open","sticky":false,"template":"","format":"standard","meta":{"footnotes":""},"categories":[61],"tags":[],"class_list":["post-19436","post","type-post","status-publish","format-standard","has-post-thumbnail","hentry","category-annonces"],"yoast_head":"<!-- This site is optimized with the Yoast SEO Premium plugin v24.4 (Yoast SEO v24.4) - https:\/\/yoast.com\/wordpress\/plugins\/seo\/ -->\n<title>Rencontre internationale apr\u00e8s cours d&#039;allemand \u00e0 Berlin<\/title>\n<meta name=\"description\" content=\"Le jeudi, nous nous retrouvons \u00e0 Kreuzberg, quartier multiculturel de Berlin. Kapitel Zwei f\u00eate la rencontre mensuelle au G\u00f6rlitzer Park avec toi.\" \/>\n<meta name=\"robots\" content=\"index, follow, max-snippet:-1, max-image-preview:large, max-video-preview:-1\" \/>\n<link rel=\"canonical\" href=\"https:\/\/www.kapitel-zwei.de\/fr\/rencontre-internationale-edelweiss\/\" \/>\n<meta property=\"og:locale\" content=\"fr_FR\" \/>\n<meta property=\"og:type\" content=\"article\" \/>\n<meta property=\"og:title\" content=\"Rencontre internationale dans le bar \u00ab Edelwei\u00df \u00bb du G\u00f6rlitzer Park \u00e0 Berlin\" \/>\n<meta property=\"og:description\" content=\"Le jeudi, nous nous retrouvons \u00e0 Kreuzberg, quartier multiculturel de Berlin. Kapitel Zwei f\u00eate la rencontre mensuelle au G\u00f6rlitzer Park avec toi.\" \/>\n<meta property=\"og:url\" content=\"https:\/\/www.kapitel-zwei.de\/fr\/rencontre-internationale-edelweiss\/\" \/>\n<meta property=\"og:site_name\" content=\"Kapitel Zwei Berlin\" \/>\n<meta property=\"article:publisher\" content=\"https:\/\/www.facebook.com\/kapitelzwei\/\" \/>\n<meta property=\"article:published_time\" content=\"2017-03-12T06:00:00+00:00\" \/>\n<meta property=\"article:modified_time\" content=\"2017-04-17T18:45:12+00:00\" \/>\n<meta property=\"og:image\" content=\"https:\/\/www.kapitel-zwei.de\/wp-content\/uploads\/2017\/03\/Kapitel-zwei-Berlin-Edelweiss-01.jpg\" \/>\n\t<meta property=\"og:image:width\" content=\"541\" \/>\n\t<meta property=\"og:image:height\" content=\"425\" \/>\n\t<meta property=\"og:image:type\" content=\"image\/jpeg\" \/>\n<meta name=\"author\" content=\"Daniela\" \/>\n<meta name=\"twitter:card\" content=\"summary_large_image\" \/>\n<meta name=\"twitter:creator\" content=\"@kapitelzwei\" \/>\n<meta name=\"twitter:site\" content=\"@kapitelzwei\" \/>\n<meta name=\"twitter:label1\" content=\"\u00c9crit par\" \/>\n\t<meta name=\"twitter:data1\" content=\"Daniela\" \/>\n\t<meta name=\"twitter:label2\" content=\"Dur\u00e9e de lecture estim\u00e9e\" \/>\n\t<meta name=\"twitter:data2\" content=\"3 minutes\" \/>\n<script type=\"application\/ld+json\" class=\"yoast-schema-graph\">{\"@context\":\"https:\/\/schema.org\",\"@graph\":[{\"@type\":\"Article\",\"@id\":\"https:\/\/www.kapitel-zwei.de\/fr\/rencontre-internationale-edelweiss\/#article\",\"isPartOf\":{\"@id\":\"https:\/\/www.kapitel-zwei.de\/fr\/rencontre-internationale-edelweiss\/\"},\"author\":{\"name\":\"Daniela\",\"@id\":\"https:\/\/kapitel-zwei.de\/es\/#\/schema\/person\/b397507855e4d2f1e29bfe10a860200e\"},\"headline\":\"Rencontre internationale dans le bar \u00ab Edelwei\u00df \u00bb du G\u00f6rlitzer Park \u00e0 Berlin\",\"datePublished\":\"2017-03-12T06:00:00+00:00\",\"dateModified\":\"2017-04-17T18:45:12+00:00\",\"mainEntityOfPage\":{\"@id\":\"https:\/\/www.kapitel-zwei.de\/fr\/rencontre-internationale-edelweiss\/\"},\"wordCount\":590,\"commentCount\":0,\"publisher\":{\"@id\":\"https:\/\/kapitel-zwei.de\/es\/#organization\"},\"image\":{\"@id\":\"https:\/\/www.kapitel-zwei.de\/fr\/rencontre-internationale-edelweiss\/#primaryimage\"},\"thumbnailUrl\":\"https:\/\/kapitel-zwei.de\/wp-content\/uploads\/2017\/03\/Kapitel-zwei-Berlin-Edelweiss-01.jpg\",\"articleSection\":[\"Annonces\"],\"inLanguage\":\"fr-FR\",\"potentialAction\":[{\"@type\":\"CommentAction\",\"name\":\"Comment\",\"target\":[\"https:\/\/www.kapitel-zwei.de\/fr\/rencontre-internationale-edelweiss\/#respond\"]}]},{\"@type\":\"WebPage\",\"@id\":\"https:\/\/www.kapitel-zwei.de\/fr\/rencontre-internationale-edelweiss\/\",\"url\":\"https:\/\/www.kapitel-zwei.de\/fr\/rencontre-internationale-edelweiss\/\",\"name\":\"Rencontre internationale apr\u00e8s cours d'allemand \u00e0 Berlin\",\"isPartOf\":{\"@id\":\"https:\/\/kapitel-zwei.de\/es\/#website\"},\"primaryImageOfPage\":{\"@id\":\"https:\/\/www.kapitel-zwei.de\/fr\/rencontre-internationale-edelweiss\/#primaryimage\"},\"image\":{\"@id\":\"https:\/\/www.kapitel-zwei.de\/fr\/rencontre-internationale-edelweiss\/#primaryimage\"},\"thumbnailUrl\":\"https:\/\/kapitel-zwei.de\/wp-content\/uploads\/2017\/03\/Kapitel-zwei-Berlin-Edelweiss-01.jpg\",\"datePublished\":\"2017-03-12T06:00:00+00:00\",\"dateModified\":\"2017-04-17T18:45:12+00:00\",\"description\":\"Le jeudi, nous nous retrouvons \u00e0 Kreuzberg, quartier multiculturel de Berlin. Kapitel Zwei f\u00eate la rencontre mensuelle au G\u00f6rlitzer Park avec toi.\",\"breadcrumb\":{\"@id\":\"https:\/\/www.kapitel-zwei.de\/fr\/rencontre-internationale-edelweiss\/#breadcrumb\"},\"inLanguage\":\"fr-FR\",\"potentialAction\":[{\"@type\":\"ReadAction\",\"target\":[\"https:\/\/www.kapitel-zwei.de\/fr\/rencontre-internationale-edelweiss\/\"]}]},{\"@type\":\"ImageObject\",\"inLanguage\":\"fr-FR\",\"@id\":\"https:\/\/www.kapitel-zwei.de\/fr\/rencontre-internationale-edelweiss\/#primaryimage\",\"url\":\"https:\/\/kapitel-zwei.de\/wp-content\/uploads\/2017\/03\/Kapitel-zwei-Berlin-Edelweiss-01.jpg\",\"contentUrl\":\"https:\/\/kapitel-zwei.de\/wp-content\/uploads\/2017\/03\/Kapitel-zwei-Berlin-Edelweiss-01.jpg\",\"width\":541,\"height\":425,\"caption\":\"make friends berlin language school\"},{\"@type\":\"BreadcrumbList\",\"@id\":\"https:\/\/www.kapitel-zwei.de\/fr\/rencontre-internationale-edelweiss\/#breadcrumb\",\"itemListElement\":[{\"@type\":\"ListItem\",\"position\":1,\"name\":\"Startseite\",\"item\":\"https:\/\/kapitel-zwei.de\/fr\/\"},{\"@type\":\"ListItem\",\"position\":2,\"name\":\"Rencontre internationale dans le bar \u00ab Edelwei\u00df \u00bb du G\u00f6rlitzer Park \u00e0 Berlin\"}]},{\"@type\":\"WebSite\",\"@id\":\"https:\/\/kapitel-zwei.de\/es\/#website\",\"url\":\"https:\/\/kapitel-zwei.de\/es\/\",\"name\":\"Kapitel Zwei Berlin\",\"description\":\"Deutschkurs Berlin | Sprachschule Berlin | German language school Berlin | telc Berlin | Deutsch Pr\u00fcfung Berlin | Intensive German courses Berlin | TestDaF Pr\u00fcfung | Online Kurse\",\"publisher\":{\"@id\":\"https:\/\/kapitel-zwei.de\/es\/#organization\"},\"potentialAction\":[{\"@type\":\"SearchAction\",\"target\":{\"@type\":\"EntryPoint\",\"urlTemplate\":\"https:\/\/kapitel-zwei.de\/es\/?s={search_term_string}\"},\"query-input\":{\"@type\":\"PropertyValueSpecification\",\"valueRequired\":true,\"valueName\":\"search_term_string\"}}],\"inLanguage\":\"fr-FR\"},{\"@type\":\"Organization\",\"@id\":\"https:\/\/kapitel-zwei.de\/es\/#organization\",\"name\":\"Kapitel Zwei. Deutsch-Sprachschule Berlin GmbH\",\"url\":\"https:\/\/kapitel-zwei.de\/es\/\",\"logo\":{\"@type\":\"ImageObject\",\"inLanguage\":\"fr-FR\",\"@id\":\"https:\/\/kapitel-zwei.de\/es\/#\/schema\/logo\/image\/\",\"url\":\"https:\/\/kapitel-zwei.de\/wp-content\/uploads\/2018\/08\/Kapitel-Zwei-Berlin-Sprachschule-Deutsch-Deutschkurse-Berlin.jpg\",\"contentUrl\":\"https:\/\/kapitel-zwei.de\/wp-content\/uploads\/2018\/08\/Kapitel-Zwei-Berlin-Sprachschule-Deutsch-Deutschkurse-Berlin.jpg\",\"width\":350,\"height\":101,\"caption\":\"Kapitel Zwei. Deutsch-Sprachschule Berlin GmbH\"},\"image\":{\"@id\":\"https:\/\/kapitel-zwei.de\/es\/#\/schema\/logo\/image\/\"},\"sameAs\":[\"https:\/\/www.facebook.com\/kapitelzwei\/\",\"https:\/\/x.com\/kapitelzwei\"]},{\"@type\":\"Person\",\"@id\":\"https:\/\/kapitel-zwei.de\/es\/#\/schema\/person\/b397507855e4d2f1e29bfe10a860200e\",\"name\":\"Daniela\",\"image\":{\"@type\":\"ImageObject\",\"inLanguage\":\"fr-FR\",\"@id\":\"https:\/\/kapitel-zwei.de\/es\/#\/schema\/person\/image\/\",\"url\":\"https:\/\/secure.gravatar.com\/avatar\/3fa3eb5da3e62e688348bde14f400345?s=96&d=mm&r=g\",\"contentUrl\":\"https:\/\/secure.gravatar.com\/avatar\/3fa3eb5da3e62e688348bde14f400345?s=96&d=mm&r=g\",\"caption\":\"Daniela\"},\"url\":\"https:\/\/kapitel-zwei.de\/fr\/author\/el4ndaicea1ni6e1k\/\"}]}<\/script>\n<!-- \/ Yoast SEO Premium plugin. -->","yoast_head_json":{"title":"Rencontre internationale apr\u00e8s cours d'allemand \u00e0 Berlin","description":"Le jeudi, nous nous retrouvons \u00e0 Kreuzberg, quartier multiculturel de Berlin. Kapitel Zwei f\u00eate la rencontre mensuelle au G\u00f6rlitzer Park avec toi.","robots":{"index":"index","follow":"follow","max-snippet":"max-snippet:-1","max-image-preview":"max-image-preview:large","max-video-preview":"max-video-preview:-1"},"canonical":"https:\/\/www.kapitel-zwei.de\/fr\/rencontre-internationale-edelweiss\/","og_locale":"fr_FR","og_type":"article","og_title":"Rencontre internationale dans le bar \u00ab Edelwei\u00df \u00bb du G\u00f6rlitzer Park \u00e0 Berlin","og_description":"Le jeudi, nous nous retrouvons \u00e0 Kreuzberg, quartier multiculturel de Berlin. Kapitel Zwei f\u00eate la rencontre mensuelle au G\u00f6rlitzer Park avec toi.","og_url":"https:\/\/www.kapitel-zwei.de\/fr\/rencontre-internationale-edelweiss\/","og_site_name":"Kapitel Zwei Berlin","article_publisher":"https:\/\/www.facebook.com\/kapitelzwei\/","article_published_time":"2017-03-12T06:00:00+00:00","article_modified_time":"2017-04-17T18:45:12+00:00","og_image":[{"width":541,"height":425,"url":"https:\/\/www.kapitel-zwei.de\/wp-content\/uploads\/2017\/03\/Kapitel-zwei-Berlin-Edelweiss-01.jpg","type":"image\/jpeg"}],"author":"Daniela","twitter_card":"summary_large_image","twitter_creator":"@kapitelzwei","twitter_site":"@kapitelzwei","twitter_misc":{"\u00c9crit par":"Daniela","Dur\u00e9e de lecture estim\u00e9e":"3 minutes"},"schema":{"@context":"https:\/\/schema.org","@graph":[{"@type":"Article","@id":"https:\/\/www.kapitel-zwei.de\/fr\/rencontre-internationale-edelweiss\/#article","isPartOf":{"@id":"https:\/\/www.kapitel-zwei.de\/fr\/rencontre-internationale-edelweiss\/"},"author":{"name":"Daniela","@id":"https:\/\/kapitel-zwei.de\/es\/#\/schema\/person\/b397507855e4d2f1e29bfe10a860200e"},"headline":"Rencontre internationale dans le bar \u00ab Edelwei\u00df \u00bb du G\u00f6rlitzer Park \u00e0 Berlin","datePublished":"2017-03-12T06:00:00+00:00","dateModified":"2017-04-17T18:45:12+00:00","mainEntityOfPage":{"@id":"https:\/\/www.kapitel-zwei.de\/fr\/rencontre-internationale-edelweiss\/"},"wordCount":590,"commentCount":0,"publisher":{"@id":"https:\/\/kapitel-zwei.de\/es\/#organization"},"image":{"@id":"https:\/\/www.kapitel-zwei.de\/fr\/rencontre-internationale-edelweiss\/#primaryimage"},"thumbnailUrl":"https:\/\/kapitel-zwei.de\/wp-content\/uploads\/2017\/03\/Kapitel-zwei-Berlin-Edelweiss-01.jpg","articleSection":["Annonces"],"inLanguage":"fr-FR","potentialAction":[{"@type":"CommentAction","name":"Comment","target":["https:\/\/www.kapitel-zwei.de\/fr\/rencontre-internationale-edelweiss\/#respond"]}]},{"@type":"WebPage","@id":"https:\/\/www.kapitel-zwei.de\/fr\/rencontre-internationale-edelweiss\/","url":"https:\/\/www.kapitel-zwei.de\/fr\/rencontre-internationale-edelweiss\/","name":"Rencontre internationale apr\u00e8s cours d'allemand \u00e0 Berlin","isPartOf":{"@id":"https:\/\/kapitel-zwei.de\/es\/#website"},"primaryImageOfPage":{"@id":"https:\/\/www.kapitel-zwei.de\/fr\/rencontre-internationale-edelweiss\/#primaryimage"},"image":{"@id":"https:\/\/www.kapitel-zwei.de\/fr\/rencontre-internationale-edelweiss\/#primaryimage"},"thumbnailUrl":"https:\/\/kapitel-zwei.de\/wp-content\/uploads\/2017\/03\/Kapitel-zwei-Berlin-Edelweiss-01.jpg","datePublished":"2017-03-12T06:00:00+00:00","dateModified":"2017-04-17T18:45:12+00:00","description":"Le jeudi, nous nous retrouvons \u00e0 Kreuzberg, quartier multiculturel de Berlin. Kapitel Zwei f\u00eate la rencontre mensuelle au G\u00f6rlitzer Park avec toi.","breadcrumb":{"@id":"https:\/\/www.kapitel-zwei.de\/fr\/rencontre-internationale-edelweiss\/#breadcrumb"},"inLanguage":"fr-FR","potentialAction":[{"@type":"ReadAction","target":["https:\/\/www.kapitel-zwei.de\/fr\/rencontre-internationale-edelweiss\/"]}]},{"@type":"ImageObject","inLanguage":"fr-FR","@id":"https:\/\/www.kapitel-zwei.de\/fr\/rencontre-internationale-edelweiss\/#primaryimage","url":"https:\/\/kapitel-zwei.de\/wp-content\/uploads\/2017\/03\/Kapitel-zwei-Berlin-Edelweiss-01.jpg","contentUrl":"https:\/\/kapitel-zwei.de\/wp-content\/uploads\/2017\/03\/Kapitel-zwei-Berlin-Edelweiss-01.jpg","width":541,"height":425,"caption":"make friends berlin language school"},{"@type":"BreadcrumbList","@id":"https:\/\/www.kapitel-zwei.de\/fr\/rencontre-internationale-edelweiss\/#breadcrumb","itemListElement":[{"@type":"ListItem","position":1,"name":"Startseite","item":"https:\/\/kapitel-zwei.de\/fr\/"},{"@type":"ListItem","position":2,"name":"Rencontre internationale dans le bar \u00ab Edelwei\u00df \u00bb du G\u00f6rlitzer Park \u00e0 Berlin"}]},{"@type":"WebSite","@id":"https:\/\/kapitel-zwei.de\/es\/#website","url":"https:\/\/kapitel-zwei.de\/es\/","name":"Kapitel Zwei Berlin","description":"Deutschkurs Berlin | Sprachschule Berlin | German language school Berlin | telc Berlin | Deutsch Pr\u00fcfung Berlin | Intensive German courses Berlin | TestDaF Pr\u00fcfung | Online Kurse","publisher":{"@id":"https:\/\/kapitel-zwei.de\/es\/#organization"},"potentialAction":[{"@type":"SearchAction","target":{"@type":"EntryPoint","urlTemplate":"https:\/\/kapitel-zwei.de\/es\/?s={search_term_string}"},"query-input":{"@type":"PropertyValueSpecification","valueRequired":true,"valueName":"search_term_string"}}],"inLanguage":"fr-FR"},{"@type":"Organization","@id":"https:\/\/kapitel-zwei.de\/es\/#organization","name":"Kapitel Zwei. Deutsch-Sprachschule Berlin GmbH","url":"https:\/\/kapitel-zwei.de\/es\/","logo":{"@type":"ImageObject","inLanguage":"fr-FR","@id":"https:\/\/kapitel-zwei.de\/es\/#\/schema\/logo\/image\/","url":"https:\/\/kapitel-zwei.de\/wp-content\/uploads\/2018\/08\/Kapitel-Zwei-Berlin-Sprachschule-Deutsch-Deutschkurse-Berlin.jpg","contentUrl":"https:\/\/kapitel-zwei.de\/wp-content\/uploads\/2018\/08\/Kapitel-Zwei-Berlin-Sprachschule-Deutsch-Deutschkurse-Berlin.jpg","width":350,"height":101,"caption":"Kapitel Zwei. Deutsch-Sprachschule Berlin GmbH"},"image":{"@id":"https:\/\/kapitel-zwei.de\/es\/#\/schema\/logo\/image\/"},"sameAs":["https:\/\/www.facebook.com\/kapitelzwei\/","https:\/\/x.com\/kapitelzwei"]},{"@type":"Person","@id":"https:\/\/kapitel-zwei.de\/es\/#\/schema\/person\/b397507855e4d2f1e29bfe10a860200e","name":"Daniela","image":{"@type":"ImageObject","inLanguage":"fr-FR","@id":"https:\/\/kapitel-zwei.de\/es\/#\/schema\/person\/image\/","url":"https:\/\/secure.gravatar.com\/avatar\/3fa3eb5da3e62e688348bde14f400345?s=96&d=mm&r=g","contentUrl":"https:\/\/secure.gravatar.com\/avatar\/3fa3eb5da3e62e688348bde14f400345?s=96&d=mm&r=g","caption":"Daniela"},"url":"https:\/\/kapitel-zwei.de\/fr\/author\/el4ndaicea1ni6e1k\/"}]}},"_links":{"self":[{"href":"https:\/\/kapitel-zwei.de\/fr\/wp-json\/wp\/v2\/posts\/19436","targetHints":{"allow":["GET"]}}],"collection":[{"href":"https:\/\/kapitel-zwei.de\/fr\/wp-json\/wp\/v2\/posts"}],"about":[{"href":"https:\/\/kapitel-zwei.de\/fr\/wp-json\/wp\/v2\/types\/post"}],"author":[{"embeddable":true,"href":"https:\/\/kapitel-zwei.de\/fr\/wp-json\/wp\/v2\/users\/16"}],"replies":[{"embeddable":true,"href":"https:\/\/kapitel-zwei.de\/fr\/wp-json\/wp\/v2\/comments?post=19436"}],"version-history":[{"count":3,"href":"https:\/\/kapitel-zwei.de\/fr\/wp-json\/wp\/v2\/posts\/19436\/revisions"}],"predecessor-version":[{"id":19441,"href":"https:\/\/kapitel-zwei.de\/fr\/wp-json\/wp\/v2\/posts\/19436\/revisions\/19441"}],"wp:featuredmedia":[{"embeddable":true,"href":"https:\/\/kapitel-zwei.de\/fr\/wp-json\/wp\/v2\/media\/18541"}],"wp:attachment":[{"href":"https:\/\/kapitel-zwei.de\/fr\/wp-json\/wp\/v2\/media?parent=19436"}],"wp:term":[{"taxonomy":"category","embeddable":true,"href":"https:\/\/kapitel-zwei.de\/fr\/wp-json\/wp\/v2\/categories?post=19436"},{"taxonomy":"post_tag","embeddable":true,"href":"https:\/\/kapitel-zwei.de\/fr\/wp-json\/wp\/v2\/tags?post=19436"}],"curies":[{"name":"wp","href":"https:\/\/api.w.org\/{rel}","templated":true}]}}